{"id":15673,"date":"2024-12-02T08:14:47","date_gmt":"2024-12-02T13:14:47","guid":{"rendered":"https:\/\/politicsrights.com\/?p=15673"},"modified":"2025-09-15T02:19:30","modified_gmt":"2025-09-14T19:49:30","slug":"new-standards-eu-regulation-digitalisation","status":"publish","type":"post","link":"https:\/\/politicsrights.com\/es\/new-standards-eu-regulation-digitalisation\/","title":{"rendered":"Nuevos est\u00e1ndares: la regulaci\u00f3n de la UE y la digitalizaci\u00f3n"},"content":{"rendered":"<p class=\"translation-block\">Durante mucho tiempo, <strong>internet permaneci\u00f3 en gran medida sin regulaci\u00f3n por parte de los legisladores de todo el mundo por temor a abrir la Caja de Pandora.<\/strong> Sin embargo, este enfoque se ha vuelto insostenible, considerando que, sin intervenci\u00f3n, los valores fundamentales de la UE consagrados en el Art\u00edculo 2 del TUE est\u00e1n en riesgo en el \u00e1mbito digital, especialmente en lo que respecta a la democracia y el <a href=\"https:\/\/politicsrights.com\/es\/censura-privada-poder-corporativo-libertad-expresion\/\" target=\"_self\">respeto por los derechos humanos<\/a>.<\/p>\n\n\n\n<p>Esta realizaci\u00f3n ha provocado una oleada regulatoria en un intento por abordar los diversos problemas que han surgido de la digitalizaci\u00f3n. A la vanguardia de este nuevo enfoque regulador se encuentra la UE.<\/p>\n\n\n\n<figure class=\"wp-block-pullquote\"><blockquote><p>La Ley de Mercados Digitales tiene el potencial de redefinir significativamente el derecho de competencia dentro de la UE y, por lo tanto, ayudar a reestructurar el mercado en l\u00ednea donde est\u00e1n presentes los guardianes de acceso.<\/p><\/blockquote><\/figure>\n\n\n\n<p class=\"translation-block\"><strong><a href=\"https:\/\/link.springer.com\/book\/10.1007\/978-3-031-65381-0\" target=\"_blank\" rel=\"noopener\">Nuestro libro analiza los avances regulatorios m\u00e1s recientes de la UE en digitalizaci\u00f3n<\/a>.<\/strong> Hemos recopilado contribuciones de expertos seleccionados en los campos del derecho de competencia de la UE y los derechos fundamentales, centr\u00e1ndonos en particular en la recientemente introducida Ley de Mercados Digitales (DMA) as\u00ed como en otras legislaciones y jurisprudencia relacionadas. <strong>El libro completo est\u00e1 disponible en acceso abierto.<\/strong><\/p>\n\n\n\n<h2 class=\"wp-block-heading\">La Ley de Mercados Digitales (DMA)<\/h2>\n\n\n\n<p class=\"translation-block\">La DMA constituye una pieza clave en la agenda digital de la UE para el Mercado \u00danico, <strong>en un intento por regular a las grandes tecnol\u00f3gicas de manera m\u00e1s eficiente.<\/strong> El reci\u00e9n introducido mecanismo <em>ex-ante<\/em> impone obligaciones <em>per se<\/em> a los principales actores del mercado, los <a href=\"https:\/\/politicsrights.com\/es\/deconstruir-auge-ia-impacto-redes-sociales\/\" target=\"_self\">llamados guardianes de acceso<\/a>, que de otro modo podr\u00edan imponer condiciones de mercado injustas y eludir el escrutinio legal. Esta nueva legislaci\u00f3n promete abordar los fallos sist\u00e9micos del mercado derivados de una previa dependencia exclusiva de la aplicaci\u00f3n de leyes <em>ex-post<\/em> bajo el marco tradicional del derecho de competencia.<\/p>\n\n\n\n<p><strong>Las contribuciones en nuestro libro analizan este desarrollo desde las perspectivas del derecho constitucional y del derecho de competencia.<\/strong><\/p>\n\n\n\n<p class=\"translation-block\">Un punto crucial de debate aqu\u00ed es el papel de la Comisi\u00f3n Europea como ejecutor central bajo el nuevo enfoque de la DMA. De hecho, <strong>los nuevos poderes de investigaci\u00f3n de la Comisi\u00f3n podr\u00edan describirse como en gran medida intervencionistas y potencialmente socavar principios generales del derecho de la UE,<\/strong> como la seguridad jur\u00eddica y las expectativas leg\u00edtimas para los guardianes de acceso designados.<\/p>\n\n\n\n<p class=\"translation-block\">Sin embargo, <strong>restablecer un mercado digital equilibrado, justo y competitivo sigue siendo una prioridad irrenunciable para el legislador de la UE.<\/strong> Con la creciente centralizaci\u00f3n y armonizaci\u00f3n en el \u00e1mbito del derecho de competencia a nivel de la UE, los poderes de los Estados miembros para actuar en el mercado digital podr\u00edan quedar preemptados a largo plazo.<\/p>\n\n\n\n<p class=\"translation-block\">Desde una perspectiva m\u00e1s amplia, <strong>la DMA plantea preguntas sobre su papel y longevidad en una red cada vez m\u00e1s compleja de legislaci\u00f3n digital de la UE.<\/strong> Por un lado, al situarse dentro del \u00e1mbito gen\u00e9rico del mercado interior \u2014como lo demuestra el uso del Art\u00edculo 114 del TFUE como base legal\u2014, pero espec\u00edficamente dirigi\u00e9ndose a los actores actuales del mercado y sus tecnolog\u00edas, por otro, la DMA corre el riesgo de quedar obsoleta si las reglas no son transferibles a la pr\u00f3xima generaci\u00f3n de tecnolog\u00edas, un problema com\u00fan en la legislaci\u00f3n digital de la UE.<\/p>\n\n\n\n<p class=\"translation-block\">En el corto y mediano plazo, sin embargo, <strong>la DMA tiene el potencial de redefinir significativamente el derecho de competencia dentro de la UE<\/strong> y, por lo tanto, ayudar a reestructurar el mercado en l\u00ednea donde est\u00e1n presentes los guardianes de acceso. Esto podr\u00eda incluso tener un efecto m\u00e1s all\u00e1 de las fronteras territoriales de la UE, inspirando a otros terceros pa\u00edses a seguir sus pasos con sus propios esfuerzos regulatorios o incluso cambiar el comportamiento de esos actores del mercado en todo el mundo.<\/p>\n\n\n\n<h2 class=\"wp-block-heading\">La aplicaci\u00f3n de los derechos fundamentales<\/h2>\n\n\n\n<p class=\"translation-block\">En general, <strong>la legislaci\u00f3n de la UE en materia de digitalizaci\u00f3n est\u00e1 cada vez m\u00e1s orientada a los derechos fundamentales,<\/strong> lo que tiene un impacto sustancial en la aplicaci\u00f3n de la Carta de la UE y en la construcci\u00f3n de un estado de derecho digital en l\u00ednea con la identidad de la UE como una Uni\u00f3n de valores.<\/p>\n\n\n\n<figure class=\"wp-block-image size-full\"><img loading=\"lazy\" decoding=\"async\" width=\"799\" height=\"533\" src=\"https:\/\/politicsrights.com\/wp-content\/uploads\/2024\/11\/Ursula-von-der-Leyen-addressing-the-European-Parliament-on-digital-policy-initiatives.webp\" alt=\"Ursula von der Leyen dirigi\u00e9ndose al Parlamento Europeo sobre iniciativas de pol\u00edtica digital. Foto de Parlamento Europeo.\" class=\"wp-image-15685\" srcset=\"https:\/\/politicsrights.com\/wp-content\/uploads\/2024\/11\/Ursula-von-der-Leyen-addressing-the-European-Parliament-on-digital-policy-initiatives.webp 799w, https:\/\/politicsrights.com\/wp-content\/uploads\/2024\/11\/Ursula-von-der-Leyen-addressing-the-European-Parliament-on-digital-policy-initiatives-300x200.webp 300w, https:\/\/politicsrights.com\/wp-content\/uploads\/2024\/11\/Ursula-von-der-Leyen-addressing-the-European-Parliament-on-digital-policy-initiatives-768x512.webp 768w, https:\/\/politicsrights.com\/wp-content\/uploads\/2024\/11\/Ursula-von-der-Leyen-addressing-the-European-Parliament-on-digital-policy-initiatives-18x12.webp 18w, https:\/\/politicsrights.com\/wp-content\/uploads\/2024\/11\/Ursula-von-der-Leyen-addressing-the-European-Parliament-on-digital-policy-initiatives-330x220.webp 330w, https:\/\/politicsrights.com\/wp-content\/uploads\/2024\/11\/Ursula-von-der-Leyen-addressing-the-European-Parliament-on-digital-policy-initiatives-420x280.webp 420w, https:\/\/politicsrights.com\/wp-content\/uploads\/2024\/11\/Ursula-von-der-Leyen-addressing-the-European-Parliament-on-digital-policy-initiatives-615x410.webp 615w\" sizes=\"auto, (max-width: 799px) 100vw, 799px\" \/><figcaption class=\"wp-element-caption\">Ursula von der Leyen dirigi\u00e9ndose al Parlamento Europeo sobre iniciativas de pol\u00edtica digital. Foto de Parlamento Europeo.<\/figcaption><\/figure>\n\n\n\n<p>A diferencia de muchas otras normativas en este \u00e1mbito, sin embargo, la DMA est\u00e1 menos centrada en los derechos humanos y m\u00e1s en regular a los actores reales del mercado, lo que a veces se describe como soberan\u00eda digital, lo que hace de ella un caso de estudio interesante para nuestro libro.<\/p>\n\n\n\n<p><strong>Las contribuciones en nuestro libro discuten el impacto sustantivo, procesal e institucional de la DMA en la aplicaci\u00f3n de los derechos fundamentales.<\/strong><\/p>\n\n\n\n<p class=\"translation-block\">Un conflicto particularmente interesante concierne la libertad de empresa y los derechos de propiedad, por un lado, y la autonom\u00eda de los usuarios y los derechos de privacidad, por otro. Mientras que los primeros est\u00e1n fuertemente restringidos por la DMA para los guardianes de acceso designados, los segundos a\u00fan podr\u00edan ser socavados por patrones oscuros y el dise\u00f1o de plataformas, a pesar de las obligaciones impuestas a los guardianes de acceso por la DMA. <strong>La falta de una jerarqu\u00eda clara de derechos fundamentales en el derecho de la UE requiere la aplicaci\u00f3n del principio de proporcionalidad<\/strong> al equilibrar tales derechos, lo que generalmente se hace caso por caso ante los tribunales.<\/p>\n\n\n\n<figure class=\"wp-block-pullquote alignleft\"><blockquote><p>Hemos intentado predecir futuras \u00e1reas de conflicto, que pueden o no llegar a los tribunales, y sus posibles soluciones.<\/p><\/blockquote><\/figure>\n\n\n\n<p class=\"translation-block\">En un tiempo de \u00abansiedad por el estado de derecho\u00bb, <strong>la aplicaci\u00f3n del principio de proporcionalidad podr\u00eda volverse cada vez m\u00e1s importante para la esfera digital.<\/strong> En la b\u00fasqueda de la protecci\u00f3n y promoci\u00f3n del estado de derecho digital, un di\u00e1logo entre el legislador y el poder judicial \u2014visible o invisible\u2014 constituir\u00eda una intersecci\u00f3n constitucional entre los \u00f3rganos legislativos y judiciales de la UE.<\/p>\n\n\n\n<p class=\"translation-block\">Otro conflicto podr\u00eda surgir entre la aplicaci\u00f3n de la DMA a nivel de la UE y la posible superposici\u00f3n con la regulaci\u00f3n a nivel nacional. Aqu\u00ed, el principio de \u00ab<em>ne bis in idem<\/em>\u00bb y la duplicaci\u00f3n de sanciones y procedimientos desempe\u00f1an un papel crucial. <strong>Esto tambi\u00e9n est\u00e1 relacionado con el conflicto entre los procesos legales en l\u00ednea y fuera de l\u00ednea.<\/strong><\/p>\n\n\n\n<p class=\"translation-block\">Est\u00e1 claro que la protecci\u00f3n de los derechos procesales, como la protecci\u00f3n judicial efectiva o el derecho a ser escuchado, en un sistema de gobernanza multinivel plantea una serie de desaf\u00edos pr\u00e1cticos y que puede ocurrir fragmentaci\u00f3n no solo a lo largo de la divisi\u00f3n nacional\/UE, sino <strong>tambi\u00e9n con respecto a una separaci\u00f3n entre los mundos digital y no digital,<\/strong> lo que representa una amenaza real para el objetivo de uniformidad consagrado en la DMA.<\/p>\n\n\n\n<h2 class=\"wp-block-heading\">&nbsp;Outlook<\/h2>\n\n\n\n<p class=\"translation-block\">Nuestro libro est\u00e1 dirigido principalmente a acad\u00e9micos e investigadores, pero tambi\u00e9n a profesionales que trabajan en la intersecci\u00f3n de la digitalizaci\u00f3n de la UE, el derecho de competencia y los derechos fundamentales. <strong>En este \u00e1mbito de derecho altamente politizado y en constante cambio, hemos intentado desentra\u00f1ar algunos de los aspectos m\u00e1s cruciales relacionados con la nueva legislaci\u00f3n y la jurisprudencia asociada en el campo.<\/strong><\/p>\n\n\n\n<p class=\"translation-block\">Sin embargo, como sucede con mucha legislaci\u00f3n nueva, <strong>su interpretaci\u00f3n judicial solo se har\u00e1 evidente con el tiempo.<\/strong> En nuestro libro, hemos intentado predecir futuras \u00e1reas de conflicto, que pueden o no llegar a los tribunales, y sus posibles soluciones. Sin embargo, la pr\u00e1ctica a menudo trae lo inesperado, y por lo tanto, los futuros litigios constituir\u00e1n nuevas bases para investigaciones adicionales sobre la propia DMA y su relaci\u00f3n con el derecho de competencia y los derechos fundamentales.<\/p>\n\n\n\n<p class=\"translation-block\">Adem\u00e1s, el sistema cada vez m\u00e1s complejo de legislaci\u00f3n de la UE en materia de digitalizaci\u00f3n \u2014tanto actual como futura\u2014 va mucho m\u00e1s all\u00e1 de la legislaci\u00f3n discutida en este libro y abarca una amplia gama de \u00e1reas pol\u00edticas. Su impacto, as\u00ed como su relaci\u00f3n con la Carta de la UE y la aplicaci\u00f3n de los derechos fundamentales bajo esta, deber\u00e1 ser analizado. Asimismo, los esfuerzos regulatorios de la UE plantean preguntas sobre la desaparici\u00f3n de la legislaci\u00f3n no armonizada en este \u00e1mbito <strong>as\u00ed como la posible superposici\u00f3n y, por lo tanto, el conflicto entre los diversos actos jur\u00eddicos en digitalizaci\u00f3n.<\/strong><\/p>\n\n\n\n<p class=\"translation-block\">Todos estos aspectos merecen una amplia atenci\u00f3n desde las perspectivas de la investigaci\u00f3n jur\u00eddica y pol\u00edtica, as\u00ed como de disciplinas relacionadas. <strong>Con nuestras contribuciones en este libro, esperamos haber tenido \u00e9xito en proporcionar un punto de partida para un debate adicional en este campo.<\/strong><\/p>","protected":false},"excerpt":{"rendered":"<p>For a long time, the internet remained largely unregulated by legislators&#8230; <\/p>","protected":false},"author":97,"featured_media":15684,"comment_status":"closed","ping_status":"closed","sticky":false,"template":"","format":"standard","meta":{"iawp_total_views":167,"footnotes":""},"categories":[5],"tags":[965,33,735,1098],"ppma_author":[1097,1100,1101],"class_list":{"0":"post-15673","1":"post","2":"type-post","3":"status-publish","4":"format-standard","5":"has-post-thumbnail","7":"category-books","8":"tag-europe","9":"tag-human-rights","10":"tag-law","11":"tag-technology"},"pp_statuses_selecting_workflow":false,"pp_workflow_action":"current","pp_status_selection":"publish","authors":[{"term_id":1097,"user_id":97,"is_guest":0,"slug":"annegret-engel","display_name":"Annegret Engel","avatar_url":{"url":"https:\/\/politicsrights.com\/wp-content\/uploads\/2024\/11\/Annegret_Engel_300dpi-2.webp","url2x":"https:\/\/politicsrights.com\/wp-content\/uploads\/2024\/11\/Annegret_Engel_300dpi-2.webp"},"0":null,"1":"","2":"","3":"","4":"","5":"","6":"","7":"","8":""},{"term_id":1100,"user_id":98,"is_guest":0,"slug":"xavier-groussot","display_name":"Xavier Groussot","avatar_url":{"url":"https:\/\/politicsrights.com\/wp-content\/uploads\/2024\/12\/Xavier-Groussot-is-Professor-of-EU-law-at-Lund-University-Faculty-of-Law.webp","url2x":"https:\/\/politicsrights.com\/wp-content\/uploads\/2024\/12\/Xavier-Groussot-is-Professor-of-EU-law-at-Lund-University-Faculty-of-Law.webp"},"0":null,"1":"","2":"","3":"","4":"","5":"","6":"","7":"","8":""},{"term_id":1101,"user_id":99,"is_guest":0,"slug":"gunnar-thor-petursson","display_name":"Gunnar Thor P\u00e9tursson","avatar_url":{"url":"https:\/\/politicsrights.com\/wp-content\/uploads\/2024\/12\/Gunnar-Thor-Petursson.webp","url2x":"https:\/\/politicsrights.com\/wp-content\/uploads\/2024\/12\/Gunnar-Thor-Petursson.webp"},"0":null,"1":"","2":"","3":"","4":"","5":"","6":"","7":"","8":""}],"_links":{"self":[{"href":"https:\/\/politicsrights.com\/es\/wp-json\/wp\/v2\/posts\/15673","targetHints":{"allow":["GET"]}}],"collection":[{"href":"https:\/\/politicsrights.com\/es\/wp-json\/wp\/v2\/posts"}],"about":[{"href":"https:\/\/politicsrights.com\/es\/wp-json\/wp\/v2\/types\/post"}],"author":[{"embeddable":true,"href":"https:\/\/politicsrights.com\/es\/wp-json\/wp\/v2\/users\/97"}],"replies":[{"embeddable":true,"href":"https:\/\/politicsrights.com\/es\/wp-json\/wp\/v2\/comments?post=15673"}],"version-history":[{"count":1,"href":"https:\/\/politicsrights.com\/es\/wp-json\/wp\/v2\/posts\/15673\/revisions"}],"predecessor-version":[{"id":24472,"href":"https:\/\/politicsrights.com\/es\/wp-json\/wp\/v2\/posts\/15673\/revisions\/24472"}],"wp:featuredmedia":[{"embeddable":true,"href":"https:\/\/politicsrights.com\/es\/wp-json\/wp\/v2\/media\/15684"}],"wp:attachment":[{"href":"https:\/\/politicsrights.com\/es\/wp-json\/wp\/v2\/media?parent=15673"}],"wp:term":[{"taxonomy":"category","embeddable":true,"href":"https:\/\/politicsrights.com\/es\/wp-json\/wp\/v2\/categories?post=15673"},{"taxonomy":"post_tag","embeddable":true,"href":"https:\/\/politicsrights.com\/es\/wp-json\/wp\/v2\/tags?post=15673"},{"taxonomy":"author","embeddable":true,"href":"https:\/\/politicsrights.com\/es\/wp-json\/wp\/v2\/ppma_author?post=15673"}],"curies":[{"name":"wp","href":"https:\/\/api.w.org\/{rel}","templated":true}]}}