{"id":13044,"date":"2024-08-22T01:55:52","date_gmt":"2024-08-21T20:25:52","guid":{"rendered":"https:\/\/politicsrights.com\/?p=13044"},"modified":"2025-09-15T02:11:03","modified_gmt":"2025-09-14T19:41:03","slug":"rethinking-geopolitics-dynamics","status":"publish","type":"post","link":"https:\/\/politicsrights.com\/fr\/rethinking-geopolitics-dynamics\/","title":{"rendered":"Repenser la g\u00e9opolitique : Dynamiques fluides dans les relations mondiales"},"content":{"rendered":"<h2 class=\"wp-block-heading\">Au-del\u00e0 de la g\u00e9opolitique traditionnelle : Une nouvelle perspective<\/h2>\n\n\n\n<p class=\"translation-block\"><a href=\"https:\/\/iupress.org\/9780253071613\/rethinking-geopolitics\/\" target=\"_blank\" rel=\"noopener\"><em>Rethinking Geopolitics<\/em> <\/a>(Indiana UP, 2024) est <strong>une tentative de donner un sens \u00e0 l'utilisation massive actuelle du terme,<\/strong> et en particulier de d\u00e9passer mon pr\u00e9c\u00e9dent livre sur la g\u00e9opolitique, <a href=\"https:\/\/iupress.org\/9780253018700\/geopolitics-and-the-quest-for-dominance\/\" target=\"_blank\" rel=\"noopener\"><em>Geopolitics and the Quest for Dominance<\/em> <\/a>(Indiana UP, 2016), qui incluait une vaste discussion sur la g\u00e9opolitique avant que le terme ne soit largement utilis\u00e9.<\/p>\n\n\n\n<p class=\"translation-block\">Le nouveau livre se concentre sur la g\u00e9opolitique pendant la p\u00e9riode o\u00f9 le terme a \u00e9t\u00e9 utilis\u00e9. <strong>Le sujet est de plus grande importance aujourd'hui<\/strong> en raison de l'argument (tr\u00e8s d\u00e9battu) selon lequel l'id\u00e9ologie est moins significative dans les relations internationales qu'au cours de la Guerre froide.<\/p>\n\n\n\n<h2 class=\"wp-block-heading\">La fluidit\u00e9 des perceptions g\u00e9opolitiques<\/h2>\n\n\n\n<p class=\"translation-block\">Cependant, <strong>les perceptions li\u00e9es \u00e0 la g\u00e9opolitique sont intrins\u00e8quement en \u00e9tat de flux,<\/strong> et dans une mesure qui contraste fortement avec le langage sur la fixit\u00e9 des int\u00e9r\u00eats\u2014\u201cla g\u00e9ographie comme destin\u201d\u2014qui est si souvent invoqu\u00e9.<\/p>\n\n\n\n<figure class=\"wp-block-pullquote alignright\"><blockquote><p><strong> <\/strong>Les acteurs politiques sont g\u00e9n\u00e9ralement impliqu\u00e9s dans une situation o\u00f9 une grande incertitude est inh\u00e9rente \u00e0 la prise de d\u00e9cision. <\/p><\/blockquote><\/figure>\n\n\n\n<p class=\"translation-block\">Cette observation pourrait sembler repr\u00e9senter une critique du \u201cpublic,\u201d mais les perceptions sont \u00e9galement en jeu pour les acteurs politiques et les planificateurs militaires. En partie, c'est <strong>une cons\u00e9quence \u00e9vidente<\/strong> de la diversit\u00e9 des activit\u00e9s \u00e0 entreprendre.<\/p>\n\n\n\n<p class=\"translation-block\">Ainsi, <strong>ce que signifie la g\u00e9opolitique dans le contexte de la guerre \u201ctriphibie\u201d et de la \u201csynergie inter-domaines\u201d n'est pas imm\u00e9diatement clair.<\/strong><\/p>\n\n\n\n<p>Les acteurs politiques sont g\u00e9n\u00e9ralement impliqu\u00e9s dans une situation o\u00f9 une grande incertitude est inh\u00e9rente \u00e0 la prise de d\u00e9cision. Encore une fois, cela contraste de mani\u00e8re instructive avec l'apparente fixit\u00e9 de la g\u00e9opolitique.<\/p>\n\n\n\n<h2 class=\"wp-block-heading\">La g\u00e9opolitique dans un monde multivalent<\/h2>\n\n\n\n<p class=\"translation-block\"><strong>Les mod\u00e8les g\u00e9opolitiques ont tendance \u00e0 utiliser des explications rationnelles des int\u00e9r\u00eats et des objectifs;<\/strong> mais la rationalit\u00e9 en question peut \u00eatre tr\u00e8s diff\u00e9rente, en effet, elle pourrait, pour reprendre l'expression de Samuel Huntington, \u00eatre l'une des formes d'un choc des civilisations.<\/p>\n\n\n\t\t<div class=\"related-sec related-6 is-width-wide is-style-boxed\">\r\n\t\t\t<div class=\"inner block-grid-small-1 rb-columns rb-col-3 is-gap-10\">\r\n\t\t\t\t<div class=\"block-h heading-layout-2\"><div class=\"heading-inner\"><h3 class=\"heading-title none-toc\"><span>Lire plus<\/span><\/h3><\/div><\/div>\t\t\t\t<div class=\"block-inner\">\r\n\t\t\t\t\t\t\t<div class=\"p-wrap p-grid p-grid-small-1\" data-pid=\"6688\">\r\n\t\t\t\t\t<div class=\"feat-holder\">\r\n\t\t\t\t\t\t<div class=\"p-featured\">\r\n\t\t\t\t\t<a class=\"p-flink\" href=\"https:\/\/politicsrights.com\/fr\/intellectual-freedom-books-against-censorship\/\" title=\"Libert\u00e9 intellectuelle : Le pouvoir des livres contre la censure\">\r\n\t\t\t<img loading=\"lazy\" decoding=\"async\" width=\"330\" height=\"220\" src=\"https:\/\/politicsrights.com\/wp-content\/uploads\/2023\/11\/Intellectual-Freedom-330x220.webp\" class=\"featured-img wp-post-image\" alt=\"Un ph\u00e9nix artistiquement rendu, symbolisant la r\u00e9silience et la renaissance, s&#039;\u00e9l\u00e8ve majestueusement des cendres de pages de livres br\u00fbl\u00e9s sur un fond sombre, incarnant visuellement le th\u00e8me de la &#039;Libert\u00e9 Intellectuelle&#039;.\" \/>\t\t<\/a>\r\n\t\t\t\t<\/div>\r\n\t\t\t\t\t\t<\/div>\r\n\t\t\t\t\t<div class=\"p-content\">\r\n\t\t\t<div class=\"entry-title h5\">\t\t<a class=\"p-url\" href=\"https:\/\/politicsrights.com\/fr\/intellectual-freedom-books-against-censorship\/\" rel=\"bookmark\">\r\n\t\tLibert\u00e9 intellectuelle : Le pouvoir des livres contre la censure\t\t<\/a>\r\n\t\t<\/div>\t\t<\/div>\r\n\t\t\t\t<\/div>\r\n\t\t\t\t<div class=\"p-wrap p-grid p-grid-small-1\" data-pid=\"13565\">\r\n\t\t\t\t\t<div class=\"feat-holder\">\r\n\t\t\t\t\t\t<div class=\"p-featured\">\r\n\t\t\t\t\t<a class=\"p-flink\" href=\"https:\/\/politicsrights.com\/fr\/primary-election-reforms-in-america\/\" title=\"R\u00e9formes des primaires aux \u00c9tats-Unis : Le\u00e7ons pour aujourd&#039;hui\">\r\n\t\t\t<img loading=\"lazy\" decoding=\"async\" width=\"330\" height=\"220\" src=\"https:\/\/politicsrights.com\/wp-content\/uploads\/2024\/09\/Primary-elections-GPA-Photo-Archive-Locked-ballot-box-used-in-Carson_-North-Dakota-on-October-30_-1940-330x220.webp\" class=\"featured-img wp-post-image\" alt=\"Cette photo montre une urne verrouill\u00e9e utilis\u00e9e \u00e0 Carson, Dakota du Nord, le 30 octobre 1940. Gracieuset\u00e9 des Archives nationales et de l&#039;Administration des dossiers, elle rappelle l&#039;importance du processus d\u00e9mocratique, notamment lors d&#039;\u00e9lections primaires cruciales qui fa\u00e7onnent le paysage politique.\" \/>\t\t<\/a>\r\n\t\t\t\t<\/div>\r\n\t\t\t\t\t\t<\/div>\r\n\t\t\t\t\t<div class=\"p-content\">\r\n\t\t\t<div class=\"entry-title h5\">\t\t<a class=\"p-url\" href=\"https:\/\/politicsrights.com\/fr\/primary-election-reforms-in-america\/\" rel=\"bookmark\">\r\n\t\tR\u00e9formes des primaires aux \u00c9tats-Unis : Le\u00e7ons pour aujourd'hui\t\t<\/a>\r\n\t\t<\/div>\t\t<\/div>\r\n\t\t\t\t<\/div>\r\n\t\t\t\t<div class=\"p-wrap p-grid p-grid-small-1\" data-pid=\"15327\">\r\n\t\t\t\t\t<div class=\"feat-holder\">\r\n\t\t\t\t\t\t<div class=\"p-featured\">\r\n\t\t\t\t\t<a class=\"p-flink\" href=\"https:\/\/politicsrights.com\/fr\/how-far-right-parties-europe-used-resources\/\" title=\"Comment les partis d&#039;extr\u00eame droite en Europe ont utilis\u00e9 les ressources de l&#039;UE pour gagner en pouvoir\">\r\n\t\t\t<img loading=\"lazy\" decoding=\"async\" width=\"330\" height=\"220\" src=\"https:\/\/politicsrights.com\/wp-content\/uploads\/2024\/11\/Giorgia_Meloni-Far-Right-parties-European-Union-2024-330x220.webp\" class=\"featured-img wp-post-image\" alt=\"Giorgia Meloni, a prominent far-right political leader in Italy, walking past an EU flag during a European Council meeting. The image highlights the complex relationship between far-right parties and the European Union, as Meloni&#039;s party navigates its stance on European integration while holding nationalist views. The blurred EU flag in the foreground emphasizes the centrality of the EU in far-right political discourse.\" \/>\t\t<\/a>\r\n\t\t\t\t<\/div>\r\n\t\t\t\t\t\t<\/div>\r\n\t\t\t\t\t<div class=\"p-content\">\r\n\t\t\t<div class=\"entry-title h5\">\t\t<a class=\"p-url\" href=\"https:\/\/politicsrights.com\/fr\/how-far-right-parties-europe-used-resources\/\" rel=\"bookmark\">\r\n\t\tComment les partis d'extr\u00eame droite en Europe ont utilis\u00e9 les ressources de l'UE pour gagner en pouvoir\t\t<\/a>\r\n\t\t<\/div>\t\t<\/div>\r\n\t\t\t\t<\/div>\r\n\t\t\t\t\t\t<\/div>\r\n\t\t\t<\/div>\r\n\t\t<\/div>\r\n\t\t\n\n\n\n<p>Dans ce cas, comme dans d'autres, les motivations peuvent \u00eatre consid\u00e9r\u00e9es comme rationnelles; mais cette rationalit\u00e9 peut \u00eatre celle d'un corps darwinien cherchant \u00e0 se r\u00e9aliser en termes organiques plut\u00f4t que ceux d'un esprit c\u00e9r\u00e9bral.<\/p>\n\n\n\n<figure class=\"wp-block-pullquote alignleft\"><blockquote><p>Permettre une interpr\u00e9tation plus plastique de la g\u00e9opolitique offre un moyen de la traiter \u00e0 la fois comme analyse et comme rh\u00e9torique. <\/p><\/blockquote><\/figure>\n\n\n\n<p class=\"translation-block\"><strong>Xi Jinping et Vladimir Poutine partagent un d\u00e9fi existentiel<\/strong> aux suppositions g\u00e9opolitiques bas\u00e9es sur un syst\u00e8me de r\u00e8gles dans lequel, malgr\u00e9 les critiques \u00e0 leur \u00e9gard, les valeurs occidentales, l'ind\u00e9pendance nationale, les droits humains et les pratiques d\u00e9mocratiques sont tous li\u00e9s, du moins en tant que facteurs souhaitables.<\/p>\n\n\n\n<p>Le degr\u00e9 auquel cette affinit\u00e9 id\u00e9ologique l'emporte sur les \u00e9l\u00e9ments o\u00f9 la Chine et la Russie s'opposent est ouvert \u00e0 la discussion. <\/p>\n\n\n\n<p class=\"translation-block\">Il n'y a pas de place pour une d\u00e9claration concluante \u00e0 ce sujet, et toute suggestion contraire est insens\u00e9e. Tout accent mis pr\u00e9c\u00e9demment sur les <a href=\"https:\/\/politicsrights.com\/fr\/liberte-valeurs-liberales-institutions-hong-kong\/\" target=\"_self\">valeurs partag\u00e9es de Xi Jinping et Vladimir Poutine<\/a> souligne \u00e0 quel point la g\u00e9ographie n'est gu\u00e8re un destin, mais est plut\u00f4t r\u00e9fract\u00e9e \u00e0 travers une situation multivalente.<\/p>\n\n\n\n<p class=\"translation-block\">Permettre une interpr\u00e9tation plus plastique de la g\u00e9opolitique offre un moyen de la traiter \u00e0 la fois comme analyse et comme rh\u00e9torique. Cependant, cela <strong>pose un d\u00e9fi constant pour la conceptualisation g\u00e9opolitique.<\/strong><\/p>","protected":false},"excerpt":{"rendered":"<p>Rethinking Geopolitics is an attempt to make sense of the current mass usage of the term, and in particular to move beyond my earlier book on geopolitics, Geopolitics and the Quest for Dominance.<\/p>","protected":false},"author":65,"featured_media":13062,"comment_status":"open","ping_status":"open","sticky":false,"template":"","format":"standard","meta":{"iawp_total_views":159,"footnotes":""},"categories":[5],"tags":[785,745],"ppma_author":[1054],"class_list":{"0":"post-13044","1":"post","2":"type-post","3":"status-publish","4":"format-standard","5":"has-post-thumbnail","7":"category-books","8":"tag-books","9":"tag-geopolitics"},"pp_statuses_selecting_workflow":false,"pp_workflow_action":"current","pp_status_selection":"publish","authors":[{"term_id":1054,"user_id":65,"is_guest":0,"slug":"jeremy-black","display_name":"Jeremy Black","avatar_url":{"url":"https:\/\/politicsrights.com\/wp-content\/uploads\/2024\/08\/Jeremy-Black.webp","url2x":"https:\/\/politicsrights.com\/wp-content\/uploads\/2024\/08\/Jeremy-Black.webp"},"0":null,"1":"","2":"","3":"","4":"","5":"","6":"","7":"","8":""}],"_links":{"self":[{"href":"https:\/\/politicsrights.com\/fr\/wp-json\/wp\/v2\/posts\/13044","targetHints":{"allow":["GET"]}}],"collection":[{"href":"https:\/\/politicsrights.com\/fr\/wp-json\/wp\/v2\/posts"}],"about":[{"href":"https:\/\/politicsrights.com\/fr\/wp-json\/wp\/v2\/types\/post"}],"author":[{"embeddable":true,"href":"https:\/\/politicsrights.com\/fr\/wp-json\/wp\/v2\/users\/65"}],"replies":[{"embeddable":true,"href":"https:\/\/politicsrights.com\/fr\/wp-json\/wp\/v2\/comments?post=13044"}],"version-history":[{"count":1,"href":"https:\/\/politicsrights.com\/fr\/wp-json\/wp\/v2\/posts\/13044\/revisions"}],"predecessor-version":[{"id":24463,"href":"https:\/\/politicsrights.com\/fr\/wp-json\/wp\/v2\/posts\/13044\/revisions\/24463"}],"wp:featuredmedia":[{"embeddable":true,"href":"https:\/\/politicsrights.com\/fr\/wp-json\/wp\/v2\/media\/13062"}],"wp:attachment":[{"href":"https:\/\/politicsrights.com\/fr\/wp-json\/wp\/v2\/media?parent=13044"}],"wp:term":[{"taxonomy":"category","embeddable":true,"href":"https:\/\/politicsrights.com\/fr\/wp-json\/wp\/v2\/categories?post=13044"},{"taxonomy":"post_tag","embeddable":true,"href":"https:\/\/politicsrights.com\/fr\/wp-json\/wp\/v2\/tags?post=13044"},{"taxonomy":"author","embeddable":true,"href":"https:\/\/politicsrights.com\/fr\/wp-json\/wp\/v2\/ppma_author?post=13044"}],"curies":[{"name":"wp","href":"https:\/\/api.w.org\/{rel}","templated":true}]}}