{"id":2524,"date":"2023-08-15T20:14:11","date_gmt":"2023-08-15T20:14:11","guid":{"rendered":"https:\/\/politicsrights.com\/?p=2524"},"modified":"2025-04-24T08:00:22","modified_gmt":"2025-04-24T01:30:22","slug":"fukuyama-on-politics-rights-and-recognition","status":"publish","type":"post","link":"https:\/\/politicsrights.com\/fr\/fukuyama-on-politics-rights-and-recognition\/","title":{"rendered":"Fukuyama sur la politique, les droits et la reconnaissance"},"content":{"rendered":"<div data-elementor-type=\"wp-post\" data-elementor-id=\"2524\" class=\"elementor elementor-2524\" data-elementor-post-type=\"post\">\n\t\t\t\t\t\t<section class=\"elementor-section elementor-top-section elementor-element elementor-element-2557a59c elementor-section-boxed elementor-section-height-default elementor-section-height-default\" data-id=\"2557a59c\" data-element_type=\"section\" data-e-type=\"section\">\n\t\t\t\t\t\t<div class=\"elementor-container elementor-column-gap-default\">\n\t\t\t\t\t<div class=\"elementor-column elementor-col-100 elementor-top-column elementor-element elementor-element-66bb51da\" data-id=\"66bb51da\" data-element_type=\"column\" data-e-type=\"column\">\n\t\t\t<div class=\"elementor-widget-wrap elementor-element-populated\">\n\t\t\t\t\t\t\t<\/div>\n\t\t<\/div>\n\t\t\t\t\t<\/div>\n\t\t<\/section>\n\t\t\t\t<section class=\"elementor-section elementor-top-section elementor-element elementor-element-8697946 elementor-section-boxed elementor-section-height-default elementor-section-height-default\" data-id=\"8697946\" data-element_type=\"section\" data-e-type=\"section\">\n\t\t\t\t\t\t<div class=\"elementor-container elementor-column-gap-default\">\n\t\t\t\t\t<div class=\"elementor-column elementor-col-100 elementor-top-column elementor-element elementor-element-68cb183\" data-id=\"68cb183\" data-element_type=\"column\" data-e-type=\"column\">\n\t\t\t<div class=\"elementor-widget-wrap elementor-element-populated\">\n\t\t\t\t\t\t<div class=\"elementor-element elementor-element-0aaf168 elementor-widget elementor-widget-text-editor\" data-id=\"0aaf168\" data-element_type=\"widget\" data-e-type=\"widget\" data-widget_type=\"text-editor.default\">\n\t\t\t\t<div class=\"elementor-widget-container\">\n\t\t\t\t\t\t\t\t\t<p>Dans son \u0153uvre \"Identity: The Demand for Dignity and the\nPolitics of Resentment\", Francis Fukuyama navigue \u00e0 travers le labyrinthe complexe de la politique d'identit\u00e9. Il pr\u00e9sente un argument convaincant que les piliers de la d\u00e9mocratie lib\u00e9rale sont de plus en plus mis \u00e0 l'\u00e9preuve par le cri croissant pour la reconnaissance de l'identit\u00e9. La critique de Fukuyama fournit un contexte intellectuel robuste qui enrichit notre compr\u00e9hension du changement dans les priorit\u00e9s politiques, du vieil accent sur l'\u00e9quit\u00e9 \u00e9conomique \u00e0 un nouvel accent sur l'affirmation de l'identit\u00e9.<o:p><\/o:p><\/p><p>Il y a plus de deux d\u00e9cennies, cette pr\u00e9occupation a re\u00e7u diverses r\u00e9ponses, dont la plus embl\u00e9matique pourrait \u00eatre celle de Nancy Fraser. D'un point de vue progressiste, Fraser \u00e9tait pr\u00e9occup\u00e9e par l'\u00e9mergence de ce qu'elle a appel\u00e9 la \"condition post-socialiste\" et a propos\u00e9 une th\u00e9orie qui int\u00e9grait harmonieusement la redistribution et la reconnaissance.<o:p><\/o:p><\/p><p>Cependant, ce n'est pas la position normative adopt\u00e9e par Fukuyama. Loin de se concentrer sur les structures permettant la participation de tous les individus d'une nation au processus d\u00e9mocratique, Fukuyama se concentre sur le besoin de reconnaissance humaine comme raison structurante des divisions profondes qui existent dans les d\u00e9mocraties lib\u00e9rales, en particulier aux \u00c9tats-Unis.<o:p><\/o:p><\/p><h2>Le changement dans les politiques de reconnaissance<\/h2><p><o:p><\/o:p><\/p><p>L'observation de Francis Fukuyama selon laquelle le principe de la reconnaissance universelle a \u00e9volu\u00e9 vers la reconnaissance sp\u00e9ciale de groupes particuliers est une critique convaincante des politiques lib\u00e9rales modernes. Ce changement marque un \u00e9cart significatif par rapport aux principes fondamentaux du lib\u00e9ralisme, qui mettaient l'accent sur les droits humains universels, l'\u00e9galit\u00e9 et l'\u00e9tat de droit comme fondements d'une soci\u00e9t\u00e9 juste. Dans le cadre lib\u00e9ral traditionnel, l'accent \u00e9tait mis sur la cr\u00e9ation d'une soci\u00e9t\u00e9 o\u00f9 tous les individus, quel que soit leur pass\u00e9, pouvaient avoir des chances \u00e9gales et \u00eatre jug\u00e9s sur leurs m\u00e9rites plut\u00f4t que sur leur identit\u00e9.\n<o:p><\/o:p><\/p><p>Cependant, l'essor de la politique d'identit\u00e9 a conduit \u00e0 un changement de focalisation. Aujourd'hui, les politiques visent souvent \u00e0 reconna\u00eetre et \u00e0 c\u00e9l\u00e9brer les exp\u00e9riences et les d\u00e9fis uniques rencontr\u00e9s par des groupes sp\u00e9cifiques, en particulier ceux qui ont \u00e9t\u00e9 historiquement marginalis\u00e9s ou opprim\u00e9s. Bien que cette approche ait pour noble objectif de corriger les injustices historiques et de fournir une plateforme aux voix sous-repr\u00e9sent\u00e9es, Fukuyama soutient qu'elle a \u00e9galement eu des cons\u00e9quences involontaires.<o:p><\/o:p><\/p><p>&nbsp;L'une de ces cons\u00e9quences est l'\u00e9rosion du sens de la solidarit\u00e9 collective. Dans le pass\u00e9, la lutte pour l'\u00e9galit\u00e9 \u00e9conomique et la justice sociale \u00e9tait une force unificatrice qui rassemblait les gens malgr\u00e9 diverses divisions. L'accent \u00e9tait mis sur des objectifs communs, tels que la r\u00e9duction de la pauvret\u00e9, l'am\u00e9lioration de l'\u00e9ducation et la garantie des soins de sant\u00e9 pour tous. Cependant, le passage \u00e0 une reconnaissance bas\u00e9e sur l'identit\u00e9 a conduit \u00e0 une forme de \u00ab tribalisme \u00bb, o\u00f9 la lutte pour la justice sociale est fragment\u00e9e en de multiples batailles men\u00e9es au nom de groupes d'identit\u00e9 individuels.<o:p><\/o:p><\/p><h2>&nbsp;Immigration et politique d'identit\u00e9 : Un jeu complexe<\/h2><p><o:p><\/o:p><\/p><p>&nbsp;<span style=\"font-size: 17px; color: var( --e-global-color-text ); background-color: var(--solid-white); letter-spacing: var(--body-fspace); text-transform: var(--body-transform);\">L'immigration est devenue une question controvers\u00e9e dans de nombreux pays, et son intersection avec la politique d'identit\u00e9 ajoute une couche de complexit\u00e9. Selon Fukuyama, le d\u00e9clin \u00e9conomique v\u00e9cu par les groupes majoritaires est souvent attribu\u00e9 \u00e0 l'immigration et aux politiques bas\u00e9es sur l'identit\u00e9, alimentant le ressentiment et la r\u00e9sistance. Cette perspective est particuli\u00e8rement r\u00e9pandue dans les pays o\u00f9 la majorit\u00e9 native se sent \u00e9conomiquement menac\u00e9e et culturellement d\u00e9plac\u00e9e en raison de l'augmentation du nombre d'immigrants.<\/span><\/p><p><o:p><\/o:p><\/p><p>La mont\u00e9e de la politique d'identit\u00e9 a exacerb\u00e9 ces tensions. D'un c\u00f4t\u00e9, les politiques progressistes visent \u00e0 prot\u00e9ger les droits et les identit\u00e9s culturelles des immigrants, souvent en pr\u00e9sentant cela comme un imp\u00e9ratif moral et social. D'un autre c\u00f4t\u00e9, ces politiques peuvent \u00eatre per\u00e7ues par la majorit\u00e9 comme favorisant les groupes minoritaires \u00e0 leurs d\u00e9pens, g\u00e9n\u00e9rant ainsi un sentiment de perte et d'ins\u00e9curit\u00e9. Ce sentiment est particuli\u00e8rement puissant lorsque les conditions \u00e9conomiques sont difficiles et les ressources rares.<o:p><\/o:p><\/p><h2>Le tournant th\u00e9rapeutique et son impact sur les politiques publiques<\/h2><p><o:p><\/o:p><\/p><p>&nbsp;Francis Fukuyama sugg\u00e8re que le \"triomphe du th\u00e9rapeutique\" a significativement influenc\u00e9 la mont\u00e9e de la politique d'identit\u00e9 dans les d\u00e9mocraties lib\u00e9rales comme les \u00c9tats-Unis. Alors que les cadres religieux traditionnels ont d\u00e9clin\u00e9, la psychoth\u00e9rapie est intervenue pour combler le vide, se concentrant sur l'auto-r\u00e9alisation individuelle et la poursuite d'un \"moi authentique\". Ce changement culturel a eu des implications profondes pour la politique publique, en particulier dans la mani\u00e8re dont les gouvernements abordent les probl\u00e8mes sociaux. <o:p><\/o:p><\/p><p>\u00c0 l'\u00e8re th\u00e9rapeutique, le r\u00f4le de l'\u00c9tat a \u00e9volu\u00e9 de garant des droits fondamentaux \u00e0 facilitateur du bien-\u00eatre individuel. Les politiques publiques visent de plus en plus \u00e0 valider les exp\u00e9riences et les identit\u00e9s individuelles, en donnant souvent la priorit\u00e9 au bien-\u00eatre \u00e9motionnel et \u00e0 la sant\u00e9 psychologique. Bien que cela ait conduit \u00e0 une plus grande prise de conscience et acceptation des probl\u00e8mes de sant\u00e9 mentale, cela a \u00e9galement contribu\u00e9 \u00e0 la fragmentation d'objectifs sociaux plus larges en projets individualis\u00e9s d'am\u00e9lioration de soi.<o:p><\/o:p><\/p><p>&nbsp;Cette focalisation sur le bien-\u00eatre individuel peut parfois d\u00e9tourner de responsabilit\u00e9s collectives et d'objectifs de justice sociale plus larges. Par exemple, des politiques visant \u00e0 renforcer l'estime de soi dans les communaut\u00e9s marginalis\u00e9es peuvent ne pas traiter des probl\u00e8mes syst\u00e9miques tels que la pauvret\u00e9 ou le manque d'acc\u00e8s \u00e0 une \u00e9ducation de qualit\u00e9. L'\u00c9tat, dans son nouveau r\u00f4le th\u00e9rapeutique, risque de devenir un facilitateur des qu\u00eates individuelles d'auto-r\u00e9alisation aux d\u00e9pens des imp\u00e9ratifs communautaires et \u00e9conomiques.<o:p><\/o:p><\/p><h2>Navigating the Dilemma<\/h2><p><o:p><\/o:p><\/p><p>&nbsp;Francis Fukuyama identifie une tension critique dans les d\u00e9mocraties lib\u00e9rales modernes : la n\u00e9cessit\u00e9 d'\u00e9quilibrer la protection des groupes marginalis\u00e9s avec la poursuite d'objectifs soci\u00e9taux globaux. Il soutient que l'accent actuel mis sur la politique d'identit\u00e9, bien intentionn\u00e9, risque de saper le tissu de l'action et de la communication collectives. Dans une soci\u00e9t\u00e9 de plus en plus fragment\u00e9e le long des lignes identitaires, le terrain d'entente n\u00e9cessaire au dialogue d\u00e9mocratique et \u00e0 l'action coop\u00e9rative devient insaisissable. <o:p><\/o:p><\/p><p>La solution propos\u00e9e par Fukuyama est la culture d'une identit\u00e9 nationale inclusive, qui respecte le riche tapis des identit\u00e9s individuelles et de groupe tout en mettant l'accent sur des valeurs et des objectifs partag\u00e9s. Ce n'est pas un appel \u00e0 l'assimilation, mais plut\u00f4t un appel \u00e0 une forme d'unit\u00e9 qui respecte la diversit\u00e9. En favorisant un sentiment d'identit\u00e9 collective, les soci\u00e9t\u00e9s peuvent cr\u00e9er un cadre dans lequel les identit\u00e9s individuelles peuvent coexister sans provoquer de fragmentation sociale.<o:p><\/o:p><\/p><p>Cependant, la mise en \u0153uvre de cette solution est pleine de d\u00e9fis. Elle exige un acte d'\u00e9quilibre d\u00e9licat de la part des d\u00e9cideurs politiques, qui doivent naviguer entre la Scylla de l'effacement des identit\u00e9s individuelles et la Charybde de la promotion d'une forme de nationalisme qui exclut les minorit\u00e9s. De plus, cela demande une r\u00e9\u00e9valuation des programmes \u00e9ducatifs, des r\u00e9cits publics et m\u00eame de la rh\u00e9torique politique, pour s'assurer qu'ils sont align\u00e9s avec cette vision du nationalisme inclusif.<o:p><\/o:p><\/p><h2>Le point de vue de Fukuyama sur la politique d'identit\u00e9 : Forces et faiblesses<\/h2><p><o:p><\/o:p><\/p><p><o:p>&nbsp;<\/o:p><span style=\"font-size: 17px; color: var( --e-global-color-text ); background-color: var(--solid-white); letter-spacing: var(--body-fspace); text-transform: var(--body-transform);\">L'essai de Francis Fukuyama sur la politique d'identit\u00e9 dans les d\u00e9mocraties lib\u00e9rales est \u00e0 la fois perspicace et imparfait. Du c\u00f4t\u00e9 positif, il offre un cadre solide pour comprendre les probl\u00e8mes complexes qui fa\u00e7onnent le paysage politique actuel. L'appel de Fukuyama \u00e0 une identit\u00e9 nationale inclusive en tant que solution \u00e0 la nature divisive de la politique d'identit\u00e9 est particuli\u00e8rement remarquable. Cependant, l'essai pr\u00e9sente plusieurs lacunes qui m\u00e9ritent attention. Premi\u00e8rement, l'affirmation de Fukuyama selon laquelle les d\u00e9fenseurs de la reconnaissance de l'identit\u00e9 ont abandonn\u00e9 l'\u00e9galit\u00e9 \u00e9conomique est probl\u00e9matique. Cela n\u00e9glige l'interconnexion des probl\u00e8mes \u00e9conomiques et identitaires, sugg\u00e9rant que la lutte pour la reconnaissance de l'identit\u00e9 est souvent align\u00e9e avec des r\u00e9formes \u00e9conomiques plus larges. Deuxi\u00e8mement, l'essai est entach\u00e9 de g\u00e9n\u00e9ralisations qui peuvent obscurcir les r\u00e9alit\u00e9s nuanc\u00e9es de la politique d'identit\u00e9.<\/span><\/p><p><o:p><\/o:p><\/p><p>\n\n\n\n\n\n\n\n\n\n\n\n\n\n\n\n\n\n\n\n\n\n\n\n\n\n\n\n\n\n\n\n\n\n\n\n\n\n\n\n\n\n\n\n<\/p><p>Ces traits g\u00e9n\u00e9raux peuvent \u00eatre trompeurs et r\u00e9duire la complexit\u00e9 des probl\u00e8mes en jeu. Enfin, la solution propos\u00e9e par Fukuyama se concentre principalement sur les immigrants nouvellement arriv\u00e9s, laissant irr\u00e9solu le probl\u00e8me plus large de l'inclusion d\u00e9mocratique de tous les groupes d'identit\u00e9. Cette focalisation \u00e9troite sugg\u00e8re une limitation de son approche, car elle ne parvient pas \u00e0 aborder les complexit\u00e9s d'une soci\u00e9t\u00e9 compos\u00e9e de divers groupes d'identit\u00e9, certains ayant des racines historiques profondes. En r\u00e9sum\u00e9, bien que l'essai serve de point de d\u00e9part pr\u00e9cieux pour les discussions sur la politique d'identit\u00e9, il invite \u00e9galement \u00e0 une analyse critique. Ses m\u00e9rites et ses limites contribuent au discours en cours, soulignant la n\u00e9cessit\u00e9 d'une approche plus nuanc\u00e9e et inclusive.&nbsp;<o:p><\/o:p><\/p>\t\t\t\t\t\t\t\t<\/div>\n\t\t\t\t<\/div>\n\t\t\t\t\t<\/div>\n\t\t<\/div>\n\t\t\t\t\t<\/div>\n\t\t<\/section>\n\t\t\t\t<section class=\"elementor-section elementor-top-section elementor-element elementor-element-a67cb93 elementor-section-boxed elementor-section-height-default elementor-section-height-default\" data-id=\"a67cb93\" data-element_type=\"section\" data-e-type=\"section\">\n\t\t\t\t\t\t<div class=\"elementor-container elementor-column-gap-default\">\n\t\t\t\t\t<div class=\"elementor-column elementor-col-100 elementor-top-column elementor-element elementor-element-fb19cdd\" data-id=\"fb19cdd\" data-element_type=\"column\" data-e-type=\"column\">\n\t\t\t<div class=\"elementor-widget-wrap elementor-element-populated\">\n\t\t\t\t\t\t<div class=\"elementor-element elementor-element-4cac1dc name-underline default-scheme elementor-widget elementor-widget-foxiz-single-author\" data-id=\"4cac1dc\" data-element_type=\"widget\" data-e-type=\"widget\" data-widget_type=\"foxiz-single-author.default\">\n\t\t\t\t<div class=\"elementor-widget-container\">\n\t\t\t\t\t<div class=\"usr-holder\"><div class=\"ubox\"><div class=\"ubox-header\"><div class=\"author-info-wrap\"><a class=\"author-avatar\" href=\"https:\/\/politicsrights.com\/fr\/author\/karelj-leyva\/\" rel=\"nofollow\" aria-label=\"Visit posts by Karel J. Leyva\"><img alt='' src='https:\/\/politicsrights.com\/wp-content\/uploads\/2024\/07\/Karel-Leyva.png' srcset='https:\/\/politicsrights.com\/wp-content\/uploads\/2024\/07\/Karel-Leyva.png 2x' class='avatar avatar-100 photo avatar-default' height='100' width='100' \/><\/a><div class=\"is-meta\"><div class=\"nname-info meta-author\"><span class=\"meta-label\">By<\/span><a class=\"nice-name\" href=\"https:\/\/politicsrights.com\/fr\/author\/karelj-leyva\/\">Karel J. Leyva<\/a><i class=\"verified-tick rbi rbi-wavy\"><\/i><\/div><\/div><\/div><div class=\"usocials tooltips-n meta-text\"><span class=\"ef-label\">Follow: <\/span><a class=\"social-link-website\" aria-label=\"Website\" data-title=\"Website\" href=\"https:\/\/kareljleyva.com\/\" target=\"_blank\" rel=\"noopener nofollow\"><i class=\"rbi rbi-link\" aria-hidden=\"true\"><\/i><\/a><a class=\"social-link-facebook\" aria-label=\"Facebook\" data-title=\"Facebook\" href=\"https:\/\/www.facebook.com\/profile.php?id=61553937186711\" target=\"_blank\" rel=\"noopener nofollow\"><i class=\"rbi rbi-facebook\" aria-hidden=\"true\"><\/i><\/a><a class=\"social-link-linkedin\" aria-label=\"LinkedIn\" data-title=\"LinkedIn\" href=\"https:\/\/www.linkedin.com\/in\/karel-j-leyva\/\" target=\"_blank\" rel=\"noopener nofollow\"><i class=\"rbi rbi-linkedin\" aria-hidden=\"true\"><\/i><\/a><a class=\"social-link-bluesky\" aria-label=\"Bluesky\" data-title=\"Bluesky\" href=\"https:\/\/bsky.app\/profile\/kareljleyva.bsky.social\" target=\"_blank\" rel=\"noopener nofollow\"><i class=\"rbi rbi-bluesky\" aria-hidden=\"true\"><\/i><\/a><\/div><\/div><div class=\"bio-description rb-text\">Ph.D. en Philosophie politique (Universit\u00e9 Paris Sciences et Lettres). Chercheur associ\u00e9 \u00e0 l'Universit\u00e9 de Montr\u00e9al, sp\u00e9cialis\u00e9 en th\u00e9orie politique et pluralisme. R\u00e9dacteur en chef de Politics and Rights Review.<\/div><\/div><\/div>\t\t\t\t<\/div>\n\t\t\t\t<\/div>\n\t\t\t\t\t<\/div>\n\t\t<\/div>\n\t\t\t\t\t<\/div>\n\t\t<\/section>\n\t\t\t\t<\/div>","protected":false},"excerpt":{"rendered":"<p>In his work &#8220;Identity: The Demand for Dignity and the Politics of Resentment,&#8221; Francis Fukuyama navigates the intricate maze of identity politics. He presents a compelling argument that the pillars of liberal democracy are being increasingly tested by the growing clamor for identity recognition. Fukuyama&#8217;s critique provides a robust intellectual context that enriches our grasp [&hellip;]<\/p>\n","protected":false},"author":1,"featured_media":2528,"comment_status":"open","ping_status":"open","sticky":false,"template":"","format":"standard","meta":{"iawp_total_views":250,"footnotes":""},"categories":[5],"tags":[785,9,11],"ppma_author":[59],"class_list":{"0":"post-2524","1":"post","2":"type-post","3":"status-publish","4":"format-standard","5":"has-post-thumbnail","7":"category-books","8":"tag-books","9":"tag-identity","10":"tag-recognition"},"pp_statuses_selecting_workflow":false,"pp_workflow_action":"current","pp_status_selection":"publish","authors":[{"term_id":59,"user_id":1,"is_guest":0,"slug":"karelj-leyva","display_name":"Karel J. Leyva","avatar_url":{"url":"https:\/\/politicsrights.com\/wp-content\/uploads\/2024\/07\/Karel-Leyva.png","url2x":"https:\/\/politicsrights.com\/wp-content\/uploads\/2024\/07\/Karel-Leyva.png"},"0":null,"1":"","2":"","3":"","4":"","5":"","6":"","7":"","8":""}],"_links":{"self":[{"href":"https:\/\/politicsrights.com\/fr\/wp-json\/wp\/v2\/posts\/2524","targetHints":{"allow":["GET"]}}],"collection":[{"href":"https:\/\/politicsrights.com\/fr\/wp-json\/wp\/v2\/posts"}],"about":[{"href":"https:\/\/politicsrights.com\/fr\/wp-json\/wp\/v2\/types\/post"}],"author":[{"embeddable":true,"href":"https:\/\/politicsrights.com\/fr\/wp-json\/wp\/v2\/users\/1"}],"replies":[{"embeddable":true,"href":"https:\/\/politicsrights.com\/fr\/wp-json\/wp\/v2\/comments?post=2524"}],"version-history":[{"count":0,"href":"https:\/\/politicsrights.com\/fr\/wp-json\/wp\/v2\/posts\/2524\/revisions"}],"wp:featuredmedia":[{"embeddable":true,"href":"https:\/\/politicsrights.com\/fr\/wp-json\/wp\/v2\/media\/2528"}],"wp:attachment":[{"href":"https:\/\/politicsrights.com\/fr\/wp-json\/wp\/v2\/media?parent=2524"}],"wp:term":[{"taxonomy":"category","embeddable":true,"href":"https:\/\/politicsrights.com\/fr\/wp-json\/wp\/v2\/categories?post=2524"},{"taxonomy":"post_tag","embeddable":true,"href":"https:\/\/politicsrights.com\/fr\/wp-json\/wp\/v2\/tags?post=2524"},{"taxonomy":"author","embeddable":true,"href":"https:\/\/politicsrights.com\/fr\/wp-json\/wp\/v2\/ppma_author?post=2524"}],"curies":[{"name":"wp","href":"https:\/\/api.w.org\/{rel}","templated":true}]}}